{"id":1295,"date":"2021-04-23T15:21:09","date_gmt":"2021-04-23T13:21:09","guid":{"rendered":"http:\/\/www.lowex-bestand.de\/?p=1295"},"modified":"2021-04-23T15:21:39","modified_gmt":"2021-04-23T13:21:39","slug":"lowex-bestand-bei-den-berliner-energietagen-2021","status":"publish","type":"post","link":"https:\/\/lowex-bestand.de\/index.php\/2021\/04\/23\/lowex-bestand-bei-den-berliner-energietagen-2021\/?lang=de","title":{"rendered":"LowEx-Bestand bei den Berliner Energietagen 2021"},"content":{"rendered":"<p>Mehr als 450 Teilnehmende waren am Freitag, 23.04.2021 online dabei!<\/p>\n<p>Im Workshop \u201e2.08: W\u00e4rmepumpen-Effizienz in Mehrfamilienh\u00e4usern: Heizung, Warmwasser, L\u00fcftung und Komfort\u201c diskutierte das Projektteam LowEx-Bestand L\u00f6sungen f\u00fcr die effiziente W\u00e4rmeversorgung und Bel\u00fcftung von sanierten Mehrfamilienh\u00e4usern.<\/p>\n<p>Besonders die Ma\u00dfnahmen zur Steigerung der Effizienz von W\u00e4rmepumpen durch Temperaturabsenkung bei Heizung und Warmwasser stie\u00dfen auf sehr gro\u00dfes Interesse. Rege diskutiert wurden auch der Stand der Forschung zur Effizienz von Pendell\u00fcftern und die Ergebnisse aus Komfort-Untersuchungen von Deckenstrahlheizungen.<\/p>\n<p>Die Vortr\u00e4ge sowie das dazugeh\u00f6rige Video finden Sie unter <a href=\"https:\/\/www.lowex-bestand.de\/index.php\/veranstaltungen\/?lang=de\">Downloads.<\/a><\/p>\n<p>&nbsp;<\/p>\n<p><a href=\"https:\/\/www.energietage.de\/event\/208-waermepumpen-effizienz-in-mehrfamilienhaeusern.html\">Berliner Energietage<\/a><\/p>\n<p><img loading=\"lazy\" decoding=\"async\" class=\"alignnone size-full wp-image-1281\" src=\"http:\/\/www.lowex-bestand.de\/wp-content\/uploads\/2021\/03\/et-logo-web-278_Q-e1616588515996.png\" alt=\"\" width=\"278\" height=\"58\" \/><\/p>\n","protected":false},"excerpt":{"rendered":"<p>Mehr als 450 Teilnehmende waren am Freitag, 23.04.2021 online dabei! Im Workshop \u201e2.08: W\u00e4rmepumpen-Effizienz in Mehrfamilienh\u00e4usern: Heizung, Warmwasser, L\u00fcftung und Komfort\u201c diskutierte das Projektteam LowEx-Bestand L\u00f6sungen f\u00fcr die effiziente W\u00e4rmeversorgung und Bel\u00fcftung von sanierten Mehrfamilienh\u00e4usern.<\/p>\n","protected":false},"author":3,"featured_media":0,"comment_status":"closed","ping_status":"closed","sticky":false,"template":"","format":"standard","meta":{"footnotes":""},"categories":[1],"tags":[],"yoast_head":"<!-- This site is optimized with the Yoast SEO plugin v23.5 - https:\/\/yoast.com\/wordpress\/plugins\/seo\/ -->\n<title>LowEx-Bestand bei den Berliner Energietagen 2021 - LowEx-Bestand<\/title>\n<meta name=\"robots\" content=\"index, follow, max-snippet:-1, max-image-preview:large, max-video-preview:-1\" \/>\n<link rel=\"canonical\" href=\"https:\/\/lowex-bestand.de\/index.php\/2021\/04\/23\/lowex-bestand-bei-den-berliner-energietagen-2021\/?lang=de\" \/>\n<meta property=\"og:locale\" content=\"de_DE\" \/>\n<meta property=\"og:type\" content=\"article\" \/>\n<meta property=\"og:title\" content=\"LowEx-Bestand bei den Berliner Energietagen 2021 - LowEx-Bestand\" \/>\n<meta property=\"og:description\" content=\"Mehr als 450 Teilnehmende waren am Freitag, 23.04.2021 online dabei! Im Workshop \u201e2.08: W\u00e4rmepumpen-Effizienz in Mehrfamilienh\u00e4usern: Heizung, Warmwasser, L\u00fcftung und Komfort\u201c diskutierte das Projektteam LowEx-Bestand L\u00f6sungen f\u00fcr die effiziente W\u00e4rmeversorgung und Bel\u00fcftung von sanierten Mehrfamilienh\u00e4usern.\" \/>\n<meta property=\"og:url\" content=\"https:\/\/lowex-bestand.de\/index.php\/2021\/04\/23\/lowex-bestand-bei-den-berliner-energietagen-2021\/?lang=de\" \/>\n<meta property=\"og:site_name\" content=\"LowEx-Bestand\" \/>\n<meta property=\"article:published_time\" content=\"2021-04-23T13:21:09+00:00\" \/>\n<meta property=\"article:modified_time\" content=\"2021-04-23T13:21:39+00:00\" \/>\n<meta property=\"og:image\" content=\"http:\/\/www.lowex-bestand.de\/wp-content\/uploads\/2021\/03\/et-logo-web-278_Q-e1616588515996.png\" \/>\n<meta name=\"author\" content=\"Beatrice\" \/>\n<meta name=\"twitter:card\" content=\"summary_large_image\" \/>\n<meta name=\"twitter:label1\" content=\"Verfasst von\" \/>\n\t<meta name=\"twitter:data1\" content=\"Beatrice\" \/>\n<script type=\"application\/ld+json\" class=\"yoast-schema-graph\">{\"@context\":\"https:\/\/schema.org\",\"@graph\":[{\"@type\":\"Article\",\"@id\":\"https:\/\/lowex-bestand.de\/index.php\/2021\/04\/23\/lowex-bestand-bei-den-berliner-energietagen-2021\/?lang=de#article\",\"isPartOf\":{\"@id\":\"https:\/\/lowex-bestand.de\/index.php\/2021\/04\/23\/lowex-bestand-bei-den-berliner-energietagen-2021\/?lang=de\"},\"author\":{\"name\":\"Beatrice\",\"@id\":\"https:\/\/lowex-bestand.de\/#\/schema\/person\/4e67e4813dc0e64499452cc02b026d1f\"},\"headline\":\"LowEx-Bestand bei den Berliner Energietagen 2021\",\"datePublished\":\"2021-04-23T13:21:09+00:00\",\"dateModified\":\"2021-04-23T13:21:39+00:00\",\"mainEntityOfPage\":{\"@id\":\"https:\/\/lowex-bestand.de\/index.php\/2021\/04\/23\/lowex-bestand-bei-den-berliner-energietagen-2021\/?lang=de\"},\"wordCount\":104,\"publisher\":{\"@id\":\"https:\/\/lowex-bestand.de\/#organization\"},\"image\":{\"@id\":\"https:\/\/lowex-bestand.de\/index.php\/2021\/04\/23\/lowex-bestand-bei-den-berliner-energietagen-2021\/?lang=de#primaryimage\"},\"thumbnailUrl\":\"http:\/\/www.lowex-bestand.de\/wp-content\/uploads\/2021\/03\/et-logo-web-278_Q-e1616588515996.png\",\"inLanguage\":\"de\"},{\"@type\":\"WebPage\",\"@id\":\"https:\/\/lowex-bestand.de\/index.php\/2021\/04\/23\/lowex-bestand-bei-den-berliner-energietagen-2021\/?lang=de\",\"url\":\"https:\/\/lowex-bestand.de\/index.php\/2021\/04\/23\/lowex-bestand-bei-den-berliner-energietagen-2021\/?lang=de\",\"name\":\"LowEx-Bestand bei den Berliner Energietagen 2021 - LowEx-Bestand\",\"isPartOf\":{\"@id\":\"https:\/\/lowex-bestand.de\/#website\"},\"primaryImageOfPage\":{\"@id\":\"https:\/\/lowex-bestand.de\/index.php\/2021\/04\/23\/lowex-bestand-bei-den-berliner-energietagen-2021\/?lang=de#primaryimage\"},\"image\":{\"@id\":\"https:\/\/lowex-bestand.de\/index.php\/2021\/04\/23\/lowex-bestand-bei-den-berliner-energietagen-2021\/?lang=de#primaryimage\"},\"thumbnailUrl\":\"http:\/\/www.lowex-bestand.de\/wp-content\/uploads\/2021\/03\/et-logo-web-278_Q-e1616588515996.png\",\"datePublished\":\"2021-04-23T13:21:09+00:00\",\"dateModified\":\"2021-04-23T13:21:39+00:00\",\"breadcrumb\":{\"@id\":\"https:\/\/lowex-bestand.de\/index.php\/2021\/04\/23\/lowex-bestand-bei-den-berliner-energietagen-2021\/?lang=de#breadcrumb\"},\"inLanguage\":\"de\",\"potentialAction\":[{\"@type\":\"ReadAction\",\"target\":[\"https:\/\/lowex-bestand.de\/index.php\/2021\/04\/23\/lowex-bestand-bei-den-berliner-energietagen-2021\/?lang=de\"]}]},{\"@type\":\"ImageObject\",\"inLanguage\":\"de\",\"@id\":\"https:\/\/lowex-bestand.de\/index.php\/2021\/04\/23\/lowex-bestand-bei-den-berliner-energietagen-2021\/?lang=de#primaryimage\",\"url\":\"http:\/\/www.lowex-bestand.de\/wp-content\/uploads\/2021\/03\/et-logo-web-278_Q-e1616588515996.png\",\"contentUrl\":\"http:\/\/www.lowex-bestand.de\/wp-content\/uploads\/2021\/03\/et-logo-web-278_Q-e1616588515996.png\"},{\"@type\":\"BreadcrumbList\",\"@id\":\"https:\/\/lowex-bestand.de\/index.php\/2021\/04\/23\/lowex-bestand-bei-den-berliner-energietagen-2021\/?lang=de#breadcrumb\",\"itemListElement\":[{\"@type\":\"ListItem\",\"position\":1,\"name\":\"Startseite\",\"item\":\"https:\/\/lowex-bestand.de\/\"},{\"@type\":\"ListItem\",\"position\":2,\"name\":\"LowEx-Bestand bei den Berliner Energietagen 2021\"}]},{\"@type\":\"WebSite\",\"@id\":\"https:\/\/lowex-bestand.de\/#website\",\"url\":\"https:\/\/lowex-bestand.de\/\",\"name\":\"LowEx-Bestand\",\"description\":\"Mehrfamilienh\u00e4user nachhaltig beheizen  - Projekt von Forschung, Heiztechnik-Herstellern und Wohnungswirtschaft\",\"publisher\":{\"@id\":\"https:\/\/lowex-bestand.de\/#organization\"},\"potentialAction\":[{\"@type\":\"SearchAction\",\"target\":{\"@type\":\"EntryPoint\",\"urlTemplate\":\"https:\/\/lowex-bestand.de\/?s={search_term_string}\"},\"query-input\":{\"@type\":\"PropertyValueSpecification\",\"valueRequired\":true,\"valueName\":\"search_term_string\"}}],\"inLanguage\":\"de\"},{\"@type\":\"Organization\",\"@id\":\"https:\/\/lowex-bestand.de\/#organization\",\"name\":\"LowEx-Bestand\",\"url\":\"https:\/\/lowex-bestand.de\/\",\"logo\":{\"@type\":\"ImageObject\",\"inLanguage\":\"de\",\"@id\":\"https:\/\/lowex-bestand.de\/#\/schema\/logo\/image\/\",\"url\":\"https:\/\/lowex-bestand.de\/wp-content\/uploads\/2022\/02\/cropped-Header_Logos_neu_3.png\",\"contentUrl\":\"https:\/\/lowex-bestand.de\/wp-content\/uploads\/2022\/02\/cropped-Header_Logos_neu_3.png\",\"width\":1999,\"height\":160,\"caption\":\"LowEx-Bestand\"},\"image\":{\"@id\":\"https:\/\/lowex-bestand.de\/#\/schema\/logo\/image\/\"}},{\"@type\":\"Person\",\"@id\":\"https:\/\/lowex-bestand.de\/#\/schema\/person\/4e67e4813dc0e64499452cc02b026d1f\",\"name\":\"Beatrice\",\"image\":{\"@type\":\"ImageObject\",\"inLanguage\":\"de\",\"@id\":\"https:\/\/lowex-bestand.de\/#\/schema\/person\/image\/\",\"url\":\"https:\/\/secure.gravatar.com\/avatar\/61e73d9fedbbd710c36e7d297927684a?s=96&d=mm&r=g\",\"contentUrl\":\"https:\/\/secure.gravatar.com\/avatar\/61e73d9fedbbd710c36e7d297927684a?s=96&d=mm&r=g\",\"caption\":\"Beatrice\"},\"url\":\"https:\/\/lowex-bestand.de\/index.php\/author\/beatrice\/?lang=de\"}]}<\/script>\n<!-- \/ Yoast SEO plugin. -->","yoast_head_json":{"title":"LowEx-Bestand bei den Berliner Energietagen 2021 - LowEx-Bestand","robots":{"index":"index","follow":"follow","max-snippet":"max-snippet:-1","max-image-preview":"max-image-preview:large","max-video-preview":"max-video-preview:-1"},"canonical":"https:\/\/lowex-bestand.de\/index.php\/2021\/04\/23\/lowex-bestand-bei-den-berliner-energietagen-2021\/?lang=de","og_locale":"de_DE","og_type":"article","og_title":"LowEx-Bestand bei den Berliner Energietagen 2021 - LowEx-Bestand","og_description":"Mehr als 450 Teilnehmende waren am Freitag, 23.04.2021 online dabei! Im Workshop \u201e2.08: W\u00e4rmepumpen-Effizienz in Mehrfamilienh\u00e4usern: Heizung, Warmwasser, L\u00fcftung und Komfort\u201c diskutierte das Projektteam LowEx-Bestand L\u00f6sungen f\u00fcr die effiziente W\u00e4rmeversorgung und Bel\u00fcftung von sanierten Mehrfamilienh\u00e4usern.","og_url":"https:\/\/lowex-bestand.de\/index.php\/2021\/04\/23\/lowex-bestand-bei-den-berliner-energietagen-2021\/?lang=de","og_site_name":"LowEx-Bestand","article_published_time":"2021-04-23T13:21:09+00:00","article_modified_time":"2021-04-23T13:21:39+00:00","og_image":[{"url":"http:\/\/www.lowex-bestand.de\/wp-content\/uploads\/2021\/03\/et-logo-web-278_Q-e1616588515996.png"}],"author":"Beatrice","twitter_card":"summary_large_image","twitter_misc":{"Verfasst von":"Beatrice"},"schema":{"@context":"https:\/\/schema.org","@graph":[{"@type":"Article","@id":"https:\/\/lowex-bestand.de\/index.php\/2021\/04\/23\/lowex-bestand-bei-den-berliner-energietagen-2021\/?lang=de#article","isPartOf":{"@id":"https:\/\/lowex-bestand.de\/index.php\/2021\/04\/23\/lowex-bestand-bei-den-berliner-energietagen-2021\/?lang=de"},"author":{"name":"Beatrice","@id":"https:\/\/lowex-bestand.de\/#\/schema\/person\/4e67e4813dc0e64499452cc02b026d1f"},"headline":"LowEx-Bestand bei den Berliner Energietagen 2021","datePublished":"2021-04-23T13:21:09+00:00","dateModified":"2021-04-23T13:21:39+00:00","mainEntityOfPage":{"@id":"https:\/\/lowex-bestand.de\/index.php\/2021\/04\/23\/lowex-bestand-bei-den-berliner-energietagen-2021\/?lang=de"},"wordCount":104,"publisher":{"@id":"https:\/\/lowex-bestand.de\/#organization"},"image":{"@id":"https:\/\/lowex-bestand.de\/index.php\/2021\/04\/23\/lowex-bestand-bei-den-berliner-energietagen-2021\/?lang=de#primaryimage"},"thumbnailUrl":"http:\/\/www.lowex-bestand.de\/wp-content\/uploads\/2021\/03\/et-logo-web-278_Q-e1616588515996.png","inLanguage":"de"},{"@type":"WebPage","@id":"https:\/\/lowex-bestand.de\/index.php\/2021\/04\/23\/lowex-bestand-bei-den-berliner-energietagen-2021\/?lang=de","url":"https:\/\/lowex-bestand.de\/index.php\/2021\/04\/23\/lowex-bestand-bei-den-berliner-energietagen-2021\/?lang=de","name":"LowEx-Bestand bei den Berliner Energietagen 2021 - LowEx-Bestand","isPartOf":{"@id":"https:\/\/lowex-bestand.de\/#website"},"primaryImageOfPage":{"@id":"https:\/\/lowex-bestand.de\/index.php\/2021\/04\/23\/lowex-bestand-bei-den-berliner-energietagen-2021\/?lang=de#primaryimage"},"image":{"@id":"https:\/\/lowex-bestand.de\/index.php\/2021\/04\/23\/lowex-bestand-bei-den-berliner-energietagen-2021\/?lang=de#primaryimage"},"thumbnailUrl":"http:\/\/www.lowex-bestand.de\/wp-content\/uploads\/2021\/03\/et-logo-web-278_Q-e1616588515996.png","datePublished":"2021-04-23T13:21:09+00:00","dateModified":"2021-04-23T13:21:39+00:00","breadcrumb":{"@id":"https:\/\/lowex-bestand.de\/index.php\/2021\/04\/23\/lowex-bestand-bei-den-berliner-energietagen-2021\/?lang=de#breadcrumb"},"inLanguage":"de","potentialAction":[{"@type":"ReadAction","target":["https:\/\/lowex-bestand.de\/index.php\/2021\/04\/23\/lowex-bestand-bei-den-berliner-energietagen-2021\/?lang=de"]}]},{"@type":"ImageObject","inLanguage":"de","@id":"https:\/\/lowex-bestand.de\/index.php\/2021\/04\/23\/lowex-bestand-bei-den-berliner-energietagen-2021\/?lang=de#primaryimage","url":"http:\/\/www.lowex-bestand.de\/wp-content\/uploads\/2021\/03\/et-logo-web-278_Q-e1616588515996.png","contentUrl":"http:\/\/www.lowex-bestand.de\/wp-content\/uploads\/2021\/03\/et-logo-web-278_Q-e1616588515996.png"},{"@type":"BreadcrumbList","@id":"https:\/\/lowex-bestand.de\/index.php\/2021\/04\/23\/lowex-bestand-bei-den-berliner-energietagen-2021\/?lang=de#breadcrumb","itemListElement":[{"@type":"ListItem","position":1,"name":"Startseite","item":"https:\/\/lowex-bestand.de\/"},{"@type":"ListItem","position":2,"name":"LowEx-Bestand bei den Berliner Energietagen 2021"}]},{"@type":"WebSite","@id":"https:\/\/lowex-bestand.de\/#website","url":"https:\/\/lowex-bestand.de\/","name":"LowEx-Bestand","description":"Mehrfamilienh\u00e4user nachhaltig beheizen  - Projekt von Forschung, Heiztechnik-Herstellern und Wohnungswirtschaft","publisher":{"@id":"https:\/\/lowex-bestand.de\/#organization"},"potentialAction":[{"@type":"SearchAction","target":{"@type":"EntryPoint","urlTemplate":"https:\/\/lowex-bestand.de\/?s={search_term_string}"},"query-input":{"@type":"PropertyValueSpecification","valueRequired":true,"valueName":"search_term_string"}}],"inLanguage":"de"},{"@type":"Organization","@id":"https:\/\/lowex-bestand.de\/#organization","name":"LowEx-Bestand","url":"https:\/\/lowex-bestand.de\/","logo":{"@type":"ImageObject","inLanguage":"de","@id":"https:\/\/lowex-bestand.de\/#\/schema\/logo\/image\/","url":"https:\/\/lowex-bestand.de\/wp-content\/uploads\/2022\/02\/cropped-Header_Logos_neu_3.png","contentUrl":"https:\/\/lowex-bestand.de\/wp-content\/uploads\/2022\/02\/cropped-Header_Logos_neu_3.png","width":1999,"height":160,"caption":"LowEx-Bestand"},"image":{"@id":"https:\/\/lowex-bestand.de\/#\/schema\/logo\/image\/"}},{"@type":"Person","@id":"https:\/\/lowex-bestand.de\/#\/schema\/person\/4e67e4813dc0e64499452cc02b026d1f","name":"Beatrice","image":{"@type":"ImageObject","inLanguage":"de","@id":"https:\/\/lowex-bestand.de\/#\/schema\/person\/image\/","url":"https:\/\/secure.gravatar.com\/avatar\/61e73d9fedbbd710c36e7d297927684a?s=96&d=mm&r=g","contentUrl":"https:\/\/secure.gravatar.com\/avatar\/61e73d9fedbbd710c36e7d297927684a?s=96&d=mm&r=g","caption":"Beatrice"},"url":"https:\/\/lowex-bestand.de\/index.php\/author\/beatrice\/?lang=de"}]}},"_links":{"self":[{"href":"https:\/\/lowex-bestand.de\/index.php\/wp-json\/wp\/v2\/posts\/1295"}],"collection":[{"href":"https:\/\/lowex-bestand.de\/index.php\/wp-json\/wp\/v2\/posts"}],"about":[{"href":"https:\/\/lowex-bestand.de\/index.php\/wp-json\/wp\/v2\/types\/post"}],"author":[{"embeddable":true,"href":"https:\/\/lowex-bestand.de\/index.php\/wp-json\/wp\/v2\/users\/3"}],"replies":[{"embeddable":true,"href":"https:\/\/lowex-bestand.de\/index.php\/wp-json\/wp\/v2\/comments?post=1295"}],"version-history":[{"count":2,"href":"https:\/\/lowex-bestand.de\/index.php\/wp-json\/wp\/v2\/posts\/1295\/revisions"}],"predecessor-version":[{"id":1298,"href":"https:\/\/lowex-bestand.de\/index.php\/wp-json\/wp\/v2\/posts\/1295\/revisions\/1298"}],"wp:attachment":[{"href":"https:\/\/lowex-bestand.de\/index.php\/wp-json\/wp\/v2\/media?parent=1295"}],"wp:term":[{"taxonomy":"category","embeddable":true,"href":"https:\/\/lowex-bestand.de\/index.php\/wp-json\/wp\/v2\/categories?post=1295"},{"taxonomy":"post_tag","embeddable":true,"href":"https:\/\/lowex-bestand.de\/index.php\/wp-json\/wp\/v2\/tags?post=1295"}],"curies":[{"name":"wp","href":"https:\/\/api.w.org\/{rel}","templated":true}]}}