{"id":833,"date":"2018-09-28T12:05:33","date_gmt":"2018-09-28T10:05:33","guid":{"rendered":"http:\/\/www.lowex-bestand.de\/?p=833"},"modified":"2018-09-28T12:07:37","modified_gmt":"2018-09-28T10:07:37","slug":"start-der-demoprojekte-und-technologieprojekt-adosan","status":"publish","type":"post","link":"https:\/\/lowex-bestand.de\/index.php\/2018\/09\/28\/start-der-demoprojekte-und-technologieprojekt-adosan\/?lang=de","title":{"rendered":"Start der Demoprojekte und Technologieprojekt AdoSan"},"content":{"rendered":"<p>Wir freuen uns Ihnen mitteilen zu k\u00f6nnen, dass die ersten Demonstrationsprojekte mit der Wohnungsgesellschaft Adorf und dem Karlsruher Energieservice im September gestartet sind. Weitere Informationen finden Sie <a href=\"http:\/\/www.lowex-bestand.de\/index.php\/demonstration\/\">hier<\/a>.<\/p>\n<p>Im August ist zudem das f\u00fcnfte Technologieprojekt &#8222;AdoSan &#8211; Entwicklung einer Gasadsorptionsw\u00e4rmepumpe f\u00fcr die Bestandssanierung&#8220; erfolgreich angelaufen. Alle Informationen zum Projekt finden Sie <a href=\"http:\/\/www.lowex-bestand.de\/index.php\/adosan-fahrenheit\/\">hier<\/a>.<\/p>\n","protected":false},"excerpt":{"rendered":"<p>Wir freuen uns Ihnen mitteilen zu k\u00f6nnen, dass die ersten Demonstrationsprojekte mit der Wohnungsgesellschaft Adorf und dem Karlsruher Energieservice im September gestartet sind. Weitere Informationen finden Sie hier. Im August ist zudem das f\u00fcnfte Technologieprojekt<\/p>\n","protected":false},"author":3,"featured_media":0,"comment_status":"closed","ping_status":"closed","sticky":false,"template":"","format":"standard","meta":{"footnotes":""},"categories":[1],"tags":[],"yoast_head":"<!-- This site is optimized with the Yoast SEO plugin v23.5 - https:\/\/yoast.com\/wordpress\/plugins\/seo\/ -->\n<title>Start der Demoprojekte und Technologieprojekt AdoSan - LowEx-Bestand<\/title>\n<meta name=\"robots\" content=\"index, follow, max-snippet:-1, max-image-preview:large, max-video-preview:-1\" \/>\n<link rel=\"canonical\" href=\"https:\/\/lowex-bestand.de\/index.php\/2018\/09\/28\/start-der-demoprojekte-und-technologieprojekt-adosan\/?lang=de\" \/>\n<meta property=\"og:locale\" content=\"de_DE\" \/>\n<meta property=\"og:type\" content=\"article\" \/>\n<meta property=\"og:title\" content=\"Start der Demoprojekte und Technologieprojekt AdoSan - LowEx-Bestand\" \/>\n<meta property=\"og:description\" content=\"Wir freuen uns Ihnen mitteilen zu k\u00f6nnen, dass die ersten Demonstrationsprojekte mit der Wohnungsgesellschaft Adorf und dem Karlsruher Energieservice im September gestartet sind. Weitere Informationen finden Sie hier. Im August ist zudem das f\u00fcnfte Technologieprojekt\" \/>\n<meta property=\"og:url\" content=\"https:\/\/lowex-bestand.de\/index.php\/2018\/09\/28\/start-der-demoprojekte-und-technologieprojekt-adosan\/?lang=de\" \/>\n<meta property=\"og:site_name\" content=\"LowEx-Bestand\" \/>\n<meta property=\"article:published_time\" content=\"2018-09-28T10:05:33+00:00\" \/>\n<meta property=\"article:modified_time\" content=\"2018-09-28T10:07:37+00:00\" \/>\n<meta name=\"author\" content=\"Beatrice\" \/>\n<meta name=\"twitter:card\" content=\"summary_large_image\" \/>\n<meta name=\"twitter:label1\" content=\"Verfasst von\" \/>\n\t<meta name=\"twitter:data1\" content=\"Beatrice\" \/>\n<script type=\"application\/ld+json\" class=\"yoast-schema-graph\">{\"@context\":\"https:\/\/schema.org\",\"@graph\":[{\"@type\":\"Article\",\"@id\":\"https:\/\/lowex-bestand.de\/index.php\/2018\/09\/28\/start-der-demoprojekte-und-technologieprojekt-adosan\/?lang=de#article\",\"isPartOf\":{\"@id\":\"https:\/\/lowex-bestand.de\/index.php\/2018\/09\/28\/start-der-demoprojekte-und-technologieprojekt-adosan\/?lang=de\"},\"author\":{\"name\":\"Beatrice\",\"@id\":\"https:\/\/lowex-bestand.de\/#\/schema\/person\/4e67e4813dc0e64499452cc02b026d1f\"},\"headline\":\"Start der Demoprojekte und Technologieprojekt AdoSan\",\"datePublished\":\"2018-09-28T10:05:33+00:00\",\"dateModified\":\"2018-09-28T10:07:37+00:00\",\"mainEntityOfPage\":{\"@id\":\"https:\/\/lowex-bestand.de\/index.php\/2018\/09\/28\/start-der-demoprojekte-und-technologieprojekt-adosan\/?lang=de\"},\"wordCount\":62,\"publisher\":{\"@id\":\"https:\/\/lowex-bestand.de\/#organization\"},\"inLanguage\":\"de\"},{\"@type\":\"WebPage\",\"@id\":\"https:\/\/lowex-bestand.de\/index.php\/2018\/09\/28\/start-der-demoprojekte-und-technologieprojekt-adosan\/?lang=de\",\"url\":\"https:\/\/lowex-bestand.de\/index.php\/2018\/09\/28\/start-der-demoprojekte-und-technologieprojekt-adosan\/?lang=de\",\"name\":\"Start der Demoprojekte und Technologieprojekt AdoSan - LowEx-Bestand\",\"isPartOf\":{\"@id\":\"https:\/\/lowex-bestand.de\/#website\"},\"datePublished\":\"2018-09-28T10:05:33+00:00\",\"dateModified\":\"2018-09-28T10:07:37+00:00\",\"breadcrumb\":{\"@id\":\"https:\/\/lowex-bestand.de\/index.php\/2018\/09\/28\/start-der-demoprojekte-und-technologieprojekt-adosan\/?lang=de#breadcrumb\"},\"inLanguage\":\"de\",\"potentialAction\":[{\"@type\":\"ReadAction\",\"target\":[\"https:\/\/lowex-bestand.de\/index.php\/2018\/09\/28\/start-der-demoprojekte-und-technologieprojekt-adosan\/?lang=de\"]}]},{\"@type\":\"BreadcrumbList\",\"@id\":\"https:\/\/lowex-bestand.de\/index.php\/2018\/09\/28\/start-der-demoprojekte-und-technologieprojekt-adosan\/?lang=de#breadcrumb\",\"itemListElement\":[{\"@type\":\"ListItem\",\"position\":1,\"name\":\"Startseite\",\"item\":\"https:\/\/lowex-bestand.de\/\"},{\"@type\":\"ListItem\",\"position\":2,\"name\":\"Start der Demoprojekte und Technologieprojekt AdoSan\"}]},{\"@type\":\"WebSite\",\"@id\":\"https:\/\/lowex-bestand.de\/#website\",\"url\":\"https:\/\/lowex-bestand.de\/\",\"name\":\"LowEx-Bestand\",\"description\":\"Mehrfamilienh\u00e4user nachhaltig beheizen  - Projekt von Forschung, Heiztechnik-Herstellern und Wohnungswirtschaft\",\"publisher\":{\"@id\":\"https:\/\/lowex-bestand.de\/#organization\"},\"potentialAction\":[{\"@type\":\"SearchAction\",\"target\":{\"@type\":\"EntryPoint\",\"urlTemplate\":\"https:\/\/lowex-bestand.de\/?s={search_term_string}\"},\"query-input\":{\"@type\":\"PropertyValueSpecification\",\"valueRequired\":true,\"valueName\":\"search_term_string\"}}],\"inLanguage\":\"de\"},{\"@type\":\"Organization\",\"@id\":\"https:\/\/lowex-bestand.de\/#organization\",\"name\":\"LowEx-Bestand\",\"url\":\"https:\/\/lowex-bestand.de\/\",\"logo\":{\"@type\":\"ImageObject\",\"inLanguage\":\"de\",\"@id\":\"https:\/\/lowex-bestand.de\/#\/schema\/logo\/image\/\",\"url\":\"https:\/\/lowex-bestand.de\/wp-content\/uploads\/2022\/02\/cropped-Header_Logos_neu_3.png\",\"contentUrl\":\"https:\/\/lowex-bestand.de\/wp-content\/uploads\/2022\/02\/cropped-Header_Logos_neu_3.png\",\"width\":1999,\"height\":160,\"caption\":\"LowEx-Bestand\"},\"image\":{\"@id\":\"https:\/\/lowex-bestand.de\/#\/schema\/logo\/image\/\"}},{\"@type\":\"Person\",\"@id\":\"https:\/\/lowex-bestand.de\/#\/schema\/person\/4e67e4813dc0e64499452cc02b026d1f\",\"name\":\"Beatrice\",\"image\":{\"@type\":\"ImageObject\",\"inLanguage\":\"de\",\"@id\":\"https:\/\/lowex-bestand.de\/#\/schema\/person\/image\/\",\"url\":\"https:\/\/secure.gravatar.com\/avatar\/61e73d9fedbbd710c36e7d297927684a?s=96&d=mm&r=g\",\"contentUrl\":\"https:\/\/secure.gravatar.com\/avatar\/61e73d9fedbbd710c36e7d297927684a?s=96&d=mm&r=g\",\"caption\":\"Beatrice\"},\"url\":\"https:\/\/lowex-bestand.de\/index.php\/author\/beatrice\/?lang=de\"}]}<\/script>\n<!-- \/ Yoast SEO plugin. -->","yoast_head_json":{"title":"Start der Demoprojekte und Technologieprojekt AdoSan - LowEx-Bestand","robots":{"index":"index","follow":"follow","max-snippet":"max-snippet:-1","max-image-preview":"max-image-preview:large","max-video-preview":"max-video-preview:-1"},"canonical":"https:\/\/lowex-bestand.de\/index.php\/2018\/09\/28\/start-der-demoprojekte-und-technologieprojekt-adosan\/?lang=de","og_locale":"de_DE","og_type":"article","og_title":"Start der Demoprojekte und Technologieprojekt AdoSan - LowEx-Bestand","og_description":"Wir freuen uns Ihnen mitteilen zu k\u00f6nnen, dass die ersten Demonstrationsprojekte mit der Wohnungsgesellschaft Adorf und dem Karlsruher Energieservice im September gestartet sind. Weitere Informationen finden Sie hier. Im August ist zudem das f\u00fcnfte Technologieprojekt","og_url":"https:\/\/lowex-bestand.de\/index.php\/2018\/09\/28\/start-der-demoprojekte-und-technologieprojekt-adosan\/?lang=de","og_site_name":"LowEx-Bestand","article_published_time":"2018-09-28T10:05:33+00:00","article_modified_time":"2018-09-28T10:07:37+00:00","author":"Beatrice","twitter_card":"summary_large_image","twitter_misc":{"Verfasst von":"Beatrice"},"schema":{"@context":"https:\/\/schema.org","@graph":[{"@type":"Article","@id":"https:\/\/lowex-bestand.de\/index.php\/2018\/09\/28\/start-der-demoprojekte-und-technologieprojekt-adosan\/?lang=de#article","isPartOf":{"@id":"https:\/\/lowex-bestand.de\/index.php\/2018\/09\/28\/start-der-demoprojekte-und-technologieprojekt-adosan\/?lang=de"},"author":{"name":"Beatrice","@id":"https:\/\/lowex-bestand.de\/#\/schema\/person\/4e67e4813dc0e64499452cc02b026d1f"},"headline":"Start der Demoprojekte und Technologieprojekt AdoSan","datePublished":"2018-09-28T10:05:33+00:00","dateModified":"2018-09-28T10:07:37+00:00","mainEntityOfPage":{"@id":"https:\/\/lowex-bestand.de\/index.php\/2018\/09\/28\/start-der-demoprojekte-und-technologieprojekt-adosan\/?lang=de"},"wordCount":62,"publisher":{"@id":"https:\/\/lowex-bestand.de\/#organization"},"inLanguage":"de"},{"@type":"WebPage","@id":"https:\/\/lowex-bestand.de\/index.php\/2018\/09\/28\/start-der-demoprojekte-und-technologieprojekt-adosan\/?lang=de","url":"https:\/\/lowex-bestand.de\/index.php\/2018\/09\/28\/start-der-demoprojekte-und-technologieprojekt-adosan\/?lang=de","name":"Start der Demoprojekte und Technologieprojekt AdoSan - LowEx-Bestand","isPartOf":{"@id":"https:\/\/lowex-bestand.de\/#website"},"datePublished":"2018-09-28T10:05:33+00:00","dateModified":"2018-09-28T10:07:37+00:00","breadcrumb":{"@id":"https:\/\/lowex-bestand.de\/index.php\/2018\/09\/28\/start-der-demoprojekte-und-technologieprojekt-adosan\/?lang=de#breadcrumb"},"inLanguage":"de","potentialAction":[{"@type":"ReadAction","target":["https:\/\/lowex-bestand.de\/index.php\/2018\/09\/28\/start-der-demoprojekte-und-technologieprojekt-adosan\/?lang=de"]}]},{"@type":"BreadcrumbList","@id":"https:\/\/lowex-bestand.de\/index.php\/2018\/09\/28\/start-der-demoprojekte-und-technologieprojekt-adosan\/?lang=de#breadcrumb","itemListElement":[{"@type":"ListItem","position":1,"name":"Startseite","item":"https:\/\/lowex-bestand.de\/"},{"@type":"ListItem","position":2,"name":"Start der Demoprojekte und Technologieprojekt AdoSan"}]},{"@type":"WebSite","@id":"https:\/\/lowex-bestand.de\/#website","url":"https:\/\/lowex-bestand.de\/","name":"LowEx-Bestand","description":"Mehrfamilienh\u00e4user nachhaltig beheizen  - Projekt von Forschung, Heiztechnik-Herstellern und Wohnungswirtschaft","publisher":{"@id":"https:\/\/lowex-bestand.de\/#organization"},"potentialAction":[{"@type":"SearchAction","target":{"@type":"EntryPoint","urlTemplate":"https:\/\/lowex-bestand.de\/?s={search_term_string}"},"query-input":{"@type":"PropertyValueSpecification","valueRequired":true,"valueName":"search_term_string"}}],"inLanguage":"de"},{"@type":"Organization","@id":"https:\/\/lowex-bestand.de\/#organization","name":"LowEx-Bestand","url":"https:\/\/lowex-bestand.de\/","logo":{"@type":"ImageObject","inLanguage":"de","@id":"https:\/\/lowex-bestand.de\/#\/schema\/logo\/image\/","url":"https:\/\/lowex-bestand.de\/wp-content\/uploads\/2022\/02\/cropped-Header_Logos_neu_3.png","contentUrl":"https:\/\/lowex-bestand.de\/wp-content\/uploads\/2022\/02\/cropped-Header_Logos_neu_3.png","width":1999,"height":160,"caption":"LowEx-Bestand"},"image":{"@id":"https:\/\/lowex-bestand.de\/#\/schema\/logo\/image\/"}},{"@type":"Person","@id":"https:\/\/lowex-bestand.de\/#\/schema\/person\/4e67e4813dc0e64499452cc02b026d1f","name":"Beatrice","image":{"@type":"ImageObject","inLanguage":"de","@id":"https:\/\/lowex-bestand.de\/#\/schema\/person\/image\/","url":"https:\/\/secure.gravatar.com\/avatar\/61e73d9fedbbd710c36e7d297927684a?s=96&d=mm&r=g","contentUrl":"https:\/\/secure.gravatar.com\/avatar\/61e73d9fedbbd710c36e7d297927684a?s=96&d=mm&r=g","caption":"Beatrice"},"url":"https:\/\/lowex-bestand.de\/index.php\/author\/beatrice\/?lang=de"}]}},"_links":{"self":[{"href":"https:\/\/lowex-bestand.de\/index.php\/wp-json\/wp\/v2\/posts\/833"}],"collection":[{"href":"https:\/\/lowex-bestand.de\/index.php\/wp-json\/wp\/v2\/posts"}],"about":[{"href":"https:\/\/lowex-bestand.de\/index.php\/wp-json\/wp\/v2\/types\/post"}],"author":[{"embeddable":true,"href":"https:\/\/lowex-bestand.de\/index.php\/wp-json\/wp\/v2\/users\/3"}],"replies":[{"embeddable":true,"href":"https:\/\/lowex-bestand.de\/index.php\/wp-json\/wp\/v2\/comments?post=833"}],"version-history":[{"count":2,"href":"https:\/\/lowex-bestand.de\/index.php\/wp-json\/wp\/v2\/posts\/833\/revisions"}],"predecessor-version":[{"id":835,"href":"https:\/\/lowex-bestand.de\/index.php\/wp-json\/wp\/v2\/posts\/833\/revisions\/835"}],"wp:attachment":[{"href":"https:\/\/lowex-bestand.de\/index.php\/wp-json\/wp\/v2\/media?parent=833"}],"wp:term":[{"taxonomy":"category","embeddable":true,"href":"https:\/\/lowex-bestand.de\/index.php\/wp-json\/wp\/v2\/categories?post=833"},{"taxonomy":"post_tag","embeddable":true,"href":"https:\/\/lowex-bestand.de\/index.php\/wp-json\/wp\/v2\/tags?post=833"}],"curies":[{"name":"wp","href":"https:\/\/api.w.org\/{rel}","templated":true}]}}